{"id":433,"date":"2019-11-21T15:24:26","date_gmt":"2019-11-21T14:24:26","guid":{"rendered":"http:\/\/websie.cefe.cnrs.fr\/gdrparcs\/?p=433"},"modified":"2024-04-11T13:52:58","modified_gmt":"2024-04-11T11:52:58","slug":"emancipation-des-jeunes-minorises","status":"publish","type":"post","link":"https:\/\/websie.cefe.cnrs.fr\/gdrparcs\/emancipation-des-jeunes-minorises\/","title":{"rendered":"Emancipation des jeunes minoris\u00e9s"},"content":{"rendered":"\n<h3 class=\"has-luminous-vivid-amber-color has-text-color has-text-align-center wp-block-heading\">\u00a0Emancipation de jeunes minoris\u00e9s dans leurs rapports (travail, \u00e9cole, citoyennet\u00e9, etc.) aux communaut\u00e9s dans lesquelles ils s&rsquo;inscrivent (belge, bruxelloise, ou autre)\u00a0\u00a0\u00a0\u00a0\u00a0\u00a0\u00a0<\/h3>\n\n\n\n<p><strong>PORTEUR&nbsp;:<\/strong>&nbsp;Alejandra Alacon-Henriquez, Myl\u00e8ne Menot-Martin et Michelle Bourassa&nbsp;<\/p>\n\n\n\n<p><strong>THEME&nbsp;:<\/strong>&nbsp;Insuffler de l&rsquo;espoir aux jeunes de 14-30 ans issus du croissant pauvre de Bruxelles<\/p>\n\n\n\n<p><strong>PROBLEMATIQUE<\/strong>&nbsp;: Comment accompagner des jeunes de 14 \u00e0 30 ans en d\u00e9crochage scolaire et social suite \u00e0 leur perte de tout espoir de pouvoir advenir qui ils sont sur les plans tant professionnel que personnel et social.&nbsp;&nbsp;&nbsp;&nbsp;&nbsp;&nbsp;<\/p>\n\n\n\n<p><strong>OBJECTIFS&nbsp;:<\/strong>&nbsp;Accompagner de mani\u00e8re \u00e9thique leurs d\u00e9marches professionnelles, personnelles et sociales \u00e0 l&rsquo;aide de recherche-formation-action participative<\/p>\n\n\n\n<p><strong>PRODUCTION&nbsp;FINALE:<\/strong>&nbsp;Un plan de recrutement et d&rsquo;accompagnement sur 2 ans, incluant les questions \u00e0 examiner, les outils \u00e0 proposer pour favoriser la r\u00e9flexion collaborative en dyade jeune\/accompagnatrice et groupe de jeunes\/accompagnatrice, ainsi que les m\u00e9canismes d&rsquo;it\u00e9ration et d&rsquo;\u00e9valuation des avanc\u00e9es&nbsp;&nbsp;&nbsp;&nbsp;&nbsp;<\/p>\n\n\n\n<p><strong>DUREE&nbsp;<\/strong>:&nbsp;?&nbsp;&nbsp;&nbsp;&nbsp;&nbsp;&nbsp;&nbsp;&nbsp;&nbsp;&nbsp;&nbsp;&nbsp;&nbsp;&nbsp;&nbsp;&nbsp;&nbsp;&nbsp;&nbsp;&nbsp;&nbsp;&nbsp;&nbsp;&nbsp;&nbsp;&nbsp;&nbsp;&nbsp;&nbsp;<\/p>\n\n\n\n<p><strong>NOMBRE PARTICIPANTS<\/strong>&nbsp;: 5 \u00e0 8<\/p>\n\n\n\n<p><strong>FORMAT ATELIER&nbsp;:&nbsp;<\/strong>Co-design<\/p>\n\n\n\n<p><strong>METHODOLOGIE&nbsp;:<\/strong>&nbsp;Pr\u00e9sentation et analyse des enjeux et d\u00e9fis des chercheures (power point); proposition des questions cl\u00e9s \u00e0 prioriser (remue-m\u00e9ninges et classification) au cours de l&rsquo;atelier; choix des outils pour r\u00e9pondre \u00e0 ces questions (\u00e0 l&rsquo;aide du Guide de la recherche-action, la planification et l&rsquo;\u00e9valuation participatives) ; examen de chaque question avec son outil au vu de produire une proposition de d\u00e9marche avec les jeunes<\/p>\n\n\n\n<p><strong>OUTILS&nbsp;:&nbsp;<\/strong>Seront d\u00e9finis \u00e0 l&rsquo;aune des questions-cl\u00e9s&nbsp;&nbsp;&nbsp;&nbsp;&nbsp;<\/p>\n","protected":false},"excerpt":{"rendered":"<p>\u00a0Emancipation de jeunes minoris\u00e9s dans leurs rapports (travail, \u00e9cole, citoyennet\u00e9, etc.) aux communaut\u00e9s dans lesquelles ils s&rsquo;inscrivent (belge, bruxelloise, ou [&hellip;]<\/p>\n","protected":false},"author":1,"featured_media":0,"comment_status":"closed","ping_status":"open","sticky":false,"template":"","format":"standard","meta":{"site-sidebar-layout":"default","site-content-layout":"","ast-site-content-layout":"default","site-content-style":"default","site-sidebar-style":"default","ast-global-header-display":"","ast-banner-title-visibility":"","ast-main-header-display":"","ast-hfb-above-header-display":"","ast-hfb-below-header-display":"","ast-hfb-mobile-header-display":"","site-post-title":"","ast-breadcrumbs-content":"","ast-featured-img":"","footer-sml-layout":"","ast-disable-related-posts":"","theme-transparent-header-meta":"","adv-header-id-meta":"","stick-header-meta":"","header-above-stick-meta":"","header-main-stick-meta":"","header-below-stick-meta":"","astra-migrate-meta-layouts":"default","ast-page-background-enabled":"default","ast-page-background-meta":{"desktop":{"background-color":"var(--ast-global-color-4)","background-image":"","background-repeat":"repeat","background-position":"center center","background-size":"auto","background-attachment":"scroll","background-type":"","background-media":"","overlay-type":"","overlay-color":"","overlay-opacity":"","overlay-gradient":""},"tablet":{"background-color":"","background-image":"","background-repeat":"repeat","background-position":"center center","background-size":"auto","background-attachment":"scroll","background-type":"","background-media":"","overlay-type":"","overlay-color":"","overlay-opacity":"","overlay-gradient":""},"mobile":{"background-color":"","background-image":"","background-repeat":"repeat","background-position":"center center","background-size":"auto","background-attachment":"scroll","background-type":"","background-media":"","overlay-type":"","overlay-color":"","overlay-opacity":"","overlay-gradient":""}},"ast-content-background-meta":{"desktop":{"background-color":"var(--ast-global-color-5)","background-image":"","background-repeat":"repeat","background-position":"center center","background-size":"auto","background-attachment":"scroll","background-type":"","background-media":"","overlay-type":"","overlay-color":"","overlay-opacity":"","overlay-gradient":""},"tablet":{"background-color":"var(--ast-global-color-5)","background-image":"","background-repeat":"repeat","background-position":"center center","background-size":"auto","background-attachment":"scroll","background-type":"","background-media":"","overlay-type":"","overlay-color":"","overlay-opacity":"","overlay-gradient":""},"mobile":{"background-color":"var(--ast-global-color-5)","background-image":"","background-repeat":"repeat","background-position":"center center","background-size":"auto","background-attachment":"scroll","background-type":"","background-media":"","overlay-type":"","overlay-color":"","overlay-opacity":"","overlay-gradient":""}},"footnotes":""},"categories":[18],"tags":[],"class_list":["post-433","post","type-post","status-publish","format-standard","hentry","category-ecole-thematique-2019"],"yoast_head":"<!-- This site is optimized with the Yoast SEO plugin v26.7 - https:\/\/yoast.com\/wordpress\/plugins\/seo\/ -->\n<title>Emancipation des jeunes minoris\u00e9s - Recherche Action Participative<\/title>\n<meta name=\"robots\" content=\"index, follow, max-snippet:-1, max-image-preview:large, max-video-preview:-1\" \/>\n<link rel=\"canonical\" href=\"https:\/\/websie.cefe.cnrs.fr\/gdrparcs\/emancipation-des-jeunes-minorises\/\" \/>\n<meta property=\"og:locale\" content=\"fr_FR\" \/>\n<meta property=\"og:type\" content=\"article\" \/>\n<meta property=\"og:title\" content=\"Emancipation des jeunes minoris\u00e9s - Recherche Action Participative\" \/>\n<meta property=\"og:description\" content=\"\u00a0Emancipation de jeunes minoris\u00e9s dans leurs rapports (travail, \u00e9cole, citoyennet\u00e9, etc.) aux communaut\u00e9s dans lesquelles ils s&rsquo;inscrivent (belge, bruxelloise, ou [&hellip;]\" \/>\n<meta property=\"og:url\" content=\"https:\/\/websie.cefe.cnrs.fr\/gdrparcs\/emancipation-des-jeunes-minorises\/\" \/>\n<meta property=\"og:site_name\" content=\"Recherche Action Participative\" \/>\n<meta property=\"article:published_time\" content=\"2019-11-21T14:24:26+00:00\" \/>\n<meta property=\"article:modified_time\" content=\"2024-04-11T11:52:58+00:00\" \/>\n<meta name=\"author\" content=\"sblangy\" \/>\n<meta name=\"twitter:card\" content=\"summary_large_image\" \/>\n<meta name=\"twitter:label1\" content=\"\u00c9crit par\" \/>\n\t<meta name=\"twitter:data1\" content=\"sblangy\" \/>\n\t<meta name=\"twitter:label2\" content=\"Dur\u00e9e de lecture estim\u00e9e\" \/>\n\t<meta name=\"twitter:data2\" content=\"1 minute\" \/>\n<script type=\"application\/ld+json\" class=\"yoast-schema-graph\">{\"@context\":\"https:\/\/schema.org\",\"@graph\":[{\"@type\":\"Article\",\"@id\":\"https:\/\/websie.cefe.cnrs.fr\/gdrparcs\/emancipation-des-jeunes-minorises\/#article\",\"isPartOf\":{\"@id\":\"https:\/\/websie.cefe.cnrs.fr\/gdrparcs\/emancipation-des-jeunes-minorises\/\"},\"author\":{\"name\":\"sblangy\",\"@id\":\"https:\/\/websie.cefe.cnrs.fr\/gdrparcs\/#\/schema\/person\/7922caca9b3a541b36c4cb0b7a25fb61\"},\"headline\":\"Emancipation des jeunes minoris\u00e9s\",\"datePublished\":\"2019-11-21T14:24:26+00:00\",\"dateModified\":\"2024-04-11T11:52:58+00:00\",\"mainEntityOfPage\":{\"@id\":\"https:\/\/websie.cefe.cnrs.fr\/gdrparcs\/emancipation-des-jeunes-minorises\/\"},\"wordCount\":301,\"publisher\":{\"@id\":\"https:\/\/websie.cefe.cnrs.fr\/gdrparcs\/#organization\"},\"articleSection\":[\"Ecole th\u00e9matique 2019\"],\"inLanguage\":\"fr-FR\"},{\"@type\":\"WebPage\",\"@id\":\"https:\/\/websie.cefe.cnrs.fr\/gdrparcs\/emancipation-des-jeunes-minorises\/\",\"url\":\"https:\/\/websie.cefe.cnrs.fr\/gdrparcs\/emancipation-des-jeunes-minorises\/\",\"name\":\"Emancipation des jeunes minoris\u00e9s - Recherche Action Participative\",\"isPartOf\":{\"@id\":\"https:\/\/websie.cefe.cnrs.fr\/gdrparcs\/#website\"},\"datePublished\":\"2019-11-21T14:24:26+00:00\",\"dateModified\":\"2024-04-11T11:52:58+00:00\",\"breadcrumb\":{\"@id\":\"https:\/\/websie.cefe.cnrs.fr\/gdrparcs\/emancipation-des-jeunes-minorises\/#breadcrumb\"},\"inLanguage\":\"fr-FR\",\"potentialAction\":[{\"@type\":\"ReadAction\",\"target\":[\"https:\/\/websie.cefe.cnrs.fr\/gdrparcs\/emancipation-des-jeunes-minorises\/\"]}]},{\"@type\":\"BreadcrumbList\",\"@id\":\"https:\/\/websie.cefe.cnrs.fr\/gdrparcs\/emancipation-des-jeunes-minorises\/#breadcrumb\",\"itemListElement\":[{\"@type\":\"ListItem\",\"position\":1,\"name\":\"Accueil\",\"item\":\"https:\/\/websie.cefe.cnrs.fr\/gdrparcs\/\"},{\"@type\":\"ListItem\",\"position\":2,\"name\":\"Emancipation des jeunes minoris\u00e9s\"}]},{\"@type\":\"WebSite\",\"@id\":\"https:\/\/websie.cefe.cnrs.fr\/gdrparcs\/#website\",\"url\":\"https:\/\/websie.cefe.cnrs.fr\/gdrparcs\/\",\"name\":\"Recherche Action Participative\",\"description\":\"\",\"publisher\":{\"@id\":\"https:\/\/websie.cefe.cnrs.fr\/gdrparcs\/#organization\"},\"potentialAction\":[{\"@type\":\"SearchAction\",\"target\":{\"@type\":\"EntryPoint\",\"urlTemplate\":\"https:\/\/websie.cefe.cnrs.fr\/gdrparcs\/?s={search_term_string}\"},\"query-input\":{\"@type\":\"PropertyValueSpecification\",\"valueRequired\":true,\"valueName\":\"search_term_string\"}}],\"inLanguage\":\"fr-FR\"},{\"@type\":\"Organization\",\"@id\":\"https:\/\/websie.cefe.cnrs.fr\/gdrparcs\/#organization\",\"name\":\"Recherche Action Participative\",\"url\":\"https:\/\/websie.cefe.cnrs.fr\/gdrparcs\/\",\"logo\":{\"@type\":\"ImageObject\",\"inLanguage\":\"fr-FR\",\"@id\":\"https:\/\/websie.cefe.cnrs.fr\/gdrparcs\/#\/schema\/logo\/image\/\",\"url\":\"https:\/\/websie.cefe.cnrs.fr\/gdrparcs\/wp-content\/uploads\/2019\/02\/cropped-cropped-cropped-cropped-cropped-cropped-cropped-Logo-GDRPARCS-5.jpg\",\"contentUrl\":\"https:\/\/websie.cefe.cnrs.fr\/gdrparcs\/wp-content\/uploads\/2019\/02\/cropped-cropped-cropped-cropped-cropped-cropped-cropped-Logo-GDRPARCS-5.jpg\",\"width\":424,\"height\":353,\"caption\":\"Recherche Action Participative\"},\"image\":{\"@id\":\"https:\/\/websie.cefe.cnrs.fr\/gdrparcs\/#\/schema\/logo\/image\/\"}},{\"@type\":\"Person\",\"@id\":\"https:\/\/websie.cefe.cnrs.fr\/gdrparcs\/#\/schema\/person\/7922caca9b3a541b36c4cb0b7a25fb61\",\"name\":\"sblangy\",\"image\":{\"@type\":\"ImageObject\",\"inLanguage\":\"fr-FR\",\"@id\":\"https:\/\/websie.cefe.cnrs.fr\/gdrparcs\/#\/schema\/person\/image\/\",\"url\":\"https:\/\/secure.gravatar.com\/avatar\/2b9bf91c4cca8f78d339b133e38f3867c9f789204207f5f8c904a52c767eec62?s=96&d=mm&r=g\",\"contentUrl\":\"https:\/\/secure.gravatar.com\/avatar\/2b9bf91c4cca8f78d339b133e38f3867c9f789204207f5f8c904a52c767eec62?s=96&d=mm&r=g\",\"caption\":\"sblangy\"},\"url\":\"https:\/\/websie.cefe.cnrs.fr\/gdrparcs\/author\/sblangy\/\"}]}<\/script>\n<!-- \/ Yoast SEO plugin. -->","yoast_head_json":{"title":"Emancipation des jeunes minoris\u00e9s - Recherche Action Participative","robots":{"index":"index","follow":"follow","max-snippet":"max-snippet:-1","max-image-preview":"max-image-preview:large","max-video-preview":"max-video-preview:-1"},"canonical":"https:\/\/websie.cefe.cnrs.fr\/gdrparcs\/emancipation-des-jeunes-minorises\/","og_locale":"fr_FR","og_type":"article","og_title":"Emancipation des jeunes minoris\u00e9s - Recherche Action Participative","og_description":"\u00a0Emancipation de jeunes minoris\u00e9s dans leurs rapports (travail, \u00e9cole, citoyennet\u00e9, etc.) aux communaut\u00e9s dans lesquelles ils s&rsquo;inscrivent (belge, bruxelloise, ou [&hellip;]","og_url":"https:\/\/websie.cefe.cnrs.fr\/gdrparcs\/emancipation-des-jeunes-minorises\/","og_site_name":"Recherche Action Participative","article_published_time":"2019-11-21T14:24:26+00:00","article_modified_time":"2024-04-11T11:52:58+00:00","author":"sblangy","twitter_card":"summary_large_image","twitter_misc":{"\u00c9crit par":"sblangy","Dur\u00e9e de lecture estim\u00e9e":"1 minute"},"schema":{"@context":"https:\/\/schema.org","@graph":[{"@type":"Article","@id":"https:\/\/websie.cefe.cnrs.fr\/gdrparcs\/emancipation-des-jeunes-minorises\/#article","isPartOf":{"@id":"https:\/\/websie.cefe.cnrs.fr\/gdrparcs\/emancipation-des-jeunes-minorises\/"},"author":{"name":"sblangy","@id":"https:\/\/websie.cefe.cnrs.fr\/gdrparcs\/#\/schema\/person\/7922caca9b3a541b36c4cb0b7a25fb61"},"headline":"Emancipation des jeunes minoris\u00e9s","datePublished":"2019-11-21T14:24:26+00:00","dateModified":"2024-04-11T11:52:58+00:00","mainEntityOfPage":{"@id":"https:\/\/websie.cefe.cnrs.fr\/gdrparcs\/emancipation-des-jeunes-minorises\/"},"wordCount":301,"publisher":{"@id":"https:\/\/websie.cefe.cnrs.fr\/gdrparcs\/#organization"},"articleSection":["Ecole th\u00e9matique 2019"],"inLanguage":"fr-FR"},{"@type":"WebPage","@id":"https:\/\/websie.cefe.cnrs.fr\/gdrparcs\/emancipation-des-jeunes-minorises\/","url":"https:\/\/websie.cefe.cnrs.fr\/gdrparcs\/emancipation-des-jeunes-minorises\/","name":"Emancipation des jeunes minoris\u00e9s - Recherche Action Participative","isPartOf":{"@id":"https:\/\/websie.cefe.cnrs.fr\/gdrparcs\/#website"},"datePublished":"2019-11-21T14:24:26+00:00","dateModified":"2024-04-11T11:52:58+00:00","breadcrumb":{"@id":"https:\/\/websie.cefe.cnrs.fr\/gdrparcs\/emancipation-des-jeunes-minorises\/#breadcrumb"},"inLanguage":"fr-FR","potentialAction":[{"@type":"ReadAction","target":["https:\/\/websie.cefe.cnrs.fr\/gdrparcs\/emancipation-des-jeunes-minorises\/"]}]},{"@type":"BreadcrumbList","@id":"https:\/\/websie.cefe.cnrs.fr\/gdrparcs\/emancipation-des-jeunes-minorises\/#breadcrumb","itemListElement":[{"@type":"ListItem","position":1,"name":"Accueil","item":"https:\/\/websie.cefe.cnrs.fr\/gdrparcs\/"},{"@type":"ListItem","position":2,"name":"Emancipation des jeunes minoris\u00e9s"}]},{"@type":"WebSite","@id":"https:\/\/websie.cefe.cnrs.fr\/gdrparcs\/#website","url":"https:\/\/websie.cefe.cnrs.fr\/gdrparcs\/","name":"Recherche Action Participative","description":"","publisher":{"@id":"https:\/\/websie.cefe.cnrs.fr\/gdrparcs\/#organization"},"potentialAction":[{"@type":"SearchAction","target":{"@type":"EntryPoint","urlTemplate":"https:\/\/websie.cefe.cnrs.fr\/gdrparcs\/?s={search_term_string}"},"query-input":{"@type":"PropertyValueSpecification","valueRequired":true,"valueName":"search_term_string"}}],"inLanguage":"fr-FR"},{"@type":"Organization","@id":"https:\/\/websie.cefe.cnrs.fr\/gdrparcs\/#organization","name":"Recherche Action Participative","url":"https:\/\/websie.cefe.cnrs.fr\/gdrparcs\/","logo":{"@type":"ImageObject","inLanguage":"fr-FR","@id":"https:\/\/websie.cefe.cnrs.fr\/gdrparcs\/#\/schema\/logo\/image\/","url":"https:\/\/websie.cefe.cnrs.fr\/gdrparcs\/wp-content\/uploads\/2019\/02\/cropped-cropped-cropped-cropped-cropped-cropped-cropped-Logo-GDRPARCS-5.jpg","contentUrl":"https:\/\/websie.cefe.cnrs.fr\/gdrparcs\/wp-content\/uploads\/2019\/02\/cropped-cropped-cropped-cropped-cropped-cropped-cropped-Logo-GDRPARCS-5.jpg","width":424,"height":353,"caption":"Recherche Action Participative"},"image":{"@id":"https:\/\/websie.cefe.cnrs.fr\/gdrparcs\/#\/schema\/logo\/image\/"}},{"@type":"Person","@id":"https:\/\/websie.cefe.cnrs.fr\/gdrparcs\/#\/schema\/person\/7922caca9b3a541b36c4cb0b7a25fb61","name":"sblangy","image":{"@type":"ImageObject","inLanguage":"fr-FR","@id":"https:\/\/websie.cefe.cnrs.fr\/gdrparcs\/#\/schema\/person\/image\/","url":"https:\/\/secure.gravatar.com\/avatar\/2b9bf91c4cca8f78d339b133e38f3867c9f789204207f5f8c904a52c767eec62?s=96&d=mm&r=g","contentUrl":"https:\/\/secure.gravatar.com\/avatar\/2b9bf91c4cca8f78d339b133e38f3867c9f789204207f5f8c904a52c767eec62?s=96&d=mm&r=g","caption":"sblangy"},"url":"https:\/\/websie.cefe.cnrs.fr\/gdrparcs\/author\/sblangy\/"}]}},"rttpg_featured_image_url":null,"rttpg_author":{"display_name":"sblangy","author_link":"https:\/\/websie.cefe.cnrs.fr\/gdrparcs\/author\/sblangy\/"},"rttpg_comment":0,"rttpg_category":"<a href=\"https:\/\/websie.cefe.cnrs.fr\/gdrparcs\/category\/ecole-thematique-2019\/\" rel=\"category tag\">Ecole th\u00e9matique 2019<\/a>","rttpg_excerpt":"\u00a0Emancipation de jeunes minoris\u00e9s dans leurs rapports (travail, \u00e9cole, citoyennet\u00e9, etc.) aux communaut\u00e9s dans lesquelles ils s&rsquo;inscrivent (belge, bruxelloise, ou [&hellip;]","_links":{"self":[{"href":"https:\/\/websie.cefe.cnrs.fr\/gdrparcs\/wp-json\/wp\/v2\/posts\/433","targetHints":{"allow":["GET"]}}],"collection":[{"href":"https:\/\/websie.cefe.cnrs.fr\/gdrparcs\/wp-json\/wp\/v2\/posts"}],"about":[{"href":"https:\/\/websie.cefe.cnrs.fr\/gdrparcs\/wp-json\/wp\/v2\/types\/post"}],"author":[{"embeddable":true,"href":"https:\/\/websie.cefe.cnrs.fr\/gdrparcs\/wp-json\/wp\/v2\/users\/1"}],"replies":[{"embeddable":true,"href":"https:\/\/websie.cefe.cnrs.fr\/gdrparcs\/wp-json\/wp\/v2\/comments?post=433"}],"version-history":[{"count":2,"href":"https:\/\/websie.cefe.cnrs.fr\/gdrparcs\/wp-json\/wp\/v2\/posts\/433\/revisions"}],"predecessor-version":[{"id":481,"href":"https:\/\/websie.cefe.cnrs.fr\/gdrparcs\/wp-json\/wp\/v2\/posts\/433\/revisions\/481"}],"wp:attachment":[{"href":"https:\/\/websie.cefe.cnrs.fr\/gdrparcs\/wp-json\/wp\/v2\/media?parent=433"}],"wp:term":[{"taxonomy":"category","embeddable":true,"href":"https:\/\/websie.cefe.cnrs.fr\/gdrparcs\/wp-json\/wp\/v2\/categories?post=433"},{"taxonomy":"post_tag","embeddable":true,"href":"https:\/\/websie.cefe.cnrs.fr\/gdrparcs\/wp-json\/wp\/v2\/tags?post=433"}],"curies":[{"name":"wp","href":"https:\/\/api.w.org\/{rel}","templated":true}]}}